{"id":6523,"date":"2021-12-30T19:59:06","date_gmt":"2021-12-30T18:59:06","guid":{"rendered":"https:\/\/bazanakrakowskiej.pl\/?p=6523"},"modified":"2021-12-30T20:05:39","modified_gmt":"2021-12-30T19:05:39","slug":"podsumowanie-roku-2021","status":"publish","type":"post","link":"https:\/\/bazanakrakowskiej.pl\/index.php\/2021\/12\/30\/podsumowanie-roku-2021\/","title":{"rendered":"Podsumowanie roku 2021"},"content":{"rendered":"<p>Ko\u0144c\u00f3wka roku to dobry czas na podsumowanie, je\u015bli oczywi\u015bcie kto\u015b czuje potrzeb\u0119 oddzielenia czego\u015b grub\u0105 kresk\u0105. Dla nas te ostatnie 3 miesi\u0105ce by\u0142y bardzo wa\u017cne, du\u017co si\u0119 dzia\u0142o.<br \/>\nA co konkretnie?<\/p>\n<p>Baza na Krakowskiej wystartowa\u0142a dok\u0142adnie 29 wrze\u015bnia 2021 roku, po kilku miesi\u0105cach remontu i ci\u0119\u017ckiej pracy.<\/p>\n<p>Pracujemy od poniedzia\u0142ku do pi\u0105tku, w godz. 10-19. BAZA ma powierzchni\u0119 200m2 i mie\u015bci sal\u0119 kreatywn\u0105, bawialni\u0119 dla najm\u0142odszych, sal\u0119 lustrzan\u0105 i przestronny hol.<\/p>\n<p>&nbsp;<\/p>\n<p><strong>Nasza kadra to:<\/strong> Pani Basia Niemczyk, Pani Ula Kal, Pani Patrycja Tomaszczyk, i ja- Magda Wr\u00f3bel.<\/p>\n<p><strong>Instruktorzy i prowadz\u0105cy warsztaty<\/strong>: Ilona Kubiczek iKUBI, Natalia Wejnerd, Gabrysia Borowska, Bartek \u015alosarczyk.<\/p>\n<p><strong>Animatorzy:<\/strong> Marta i Maciek<\/p>\n<p><strong>Zaj\u0119cia prowadzili u nas:<\/strong> Paulina Kulka dr St\u00f3pka, Ewa Paczy\u0144ska EVA VISAGE, Weronika i Dawid LIZAKteam.<\/p>\n<p><strong>Wsp\u00f3\u0142pracujemy z<\/strong> PRZYSTANKIEM na S\u0141ODKO.<\/p>\n<p>Aneta G\u00f3rna i Papier &amp; Sp\u00f3\u0142ka, Aneta Curzyd\u0142o, Anna Koczur Beskidzka MAMA, Wojtek Tomaszczyk, \u00a0Tomasz Wr\u00f3bel- Profescar<br \/>\n&#8211; dzi\u0119ki za wszystko!<\/p>\n<p>Darka Zuber, Janek Przeklasa- najlepsi z najlepszych!<\/p>\n<p><strong>\u00a0<\/strong><\/p>\n<p><strong>Zaj\u0119cia, kt\u00f3re na sta\u0142e widniej\u0105 w naszym grafiku:<\/strong><\/p>\n<ul>\n<li>W poszukiwaniu zakopanego talentu- nauka rysunku dla doros\u0142ych<\/li>\n<li>Akademia Ma\u0142ego Odkrywcy<\/li>\n<li>I Ty mo\u017cesz zosta\u0107 ma\u0142ym Artyst\u0105<\/li>\n<li>Ta\u0144cz\u0105ce brzd\u0105ce<\/li>\n<li>Taniec Wsp\u00f3\u0142czesny<\/li>\n<li>MuZABAWA<\/li>\n<li>Gimnastyka dla Senior\u00f3w<\/li>\n<\/ul>\n<p><strong>\u00a0<\/strong><\/p>\n<p><strong>W tym roku zorganizowali\u015bmy takie imprezy jak: <\/strong><\/p>\n<ul>\n<li>Mini Kino \u2013 seans z niespodziank\u0105<\/li>\n<li>Warsztaty kulinarne z Lizakteam<\/li>\n<li>Impreza Halloween<\/li>\n<li>Dzie\u0144 Pluszowego Misia<\/li>\n<li>2x impreza Andrzejkowa<\/li>\n<li>Spotkanie z Miko\u0142ajem<\/li>\n<li>Miko\u0142ajki dla klasy<\/li>\n<li>Pieczenie pierniczk\u00f3w<\/li>\n<\/ul>\n<p>&nbsp;<\/p>\n<p>Odby\u0142y si\u0119 4 spotkania <strong>KAWKI z MLECZKIEM, <\/strong>w tym jedne po\u0142\u0105czone z warsztatami makija\u017cowymi dla zabieganych Mam z Ew\u0105 Paczy\u0144sk\u0105<\/p>\n<p>A tak\u017ce 4 <strong>spotkania dla Senior\u00f3w<\/strong>; na jednym z nich go\u015bcili\u015bmy podologa\/kosmetologa DR ST\u00d3PK\u0118.<\/p>\n<p>Seniorzy brali udzia\u0142 w wyje\u017adzie do Teatru Polskiego w Bielsku- Bia\u0142ej.<\/p>\n<p>&nbsp;<\/p>\n<p>W Bazie odprawili\u015bmy <strong>15 przyj\u0119\u0107 urodzinowych<\/strong>, goszcz\u0105c \u0142\u0105cznie ponad 100 go\u015bci!<\/p>\n<p>Prowadzimy projekt <strong>BAZA ZG\u0141O\u015a SI\u0118,<\/strong> dzi\u0119ki kt\u00f3remu i Wy mo\u017cecie si\u0119 do nas zg\u0142asza\u0107 ze swoimi pomys\u0142ami i propozycjami wsp\u00f3\u0142pracy.<\/p>\n<p>&nbsp;<\/p>\n<p>Co dalej? Nie robimy postanowie\u0144! Skupiamy si\u0119 na raczej na konkretnych planach i bardzo szalonych marzeniach!<\/p>\n<p>B\u0119dziemy o nich pisa\u0107 szybciej ni\u017c my\u015blicie, a gwarantujemy, \u017ce to dopiero pocz\u0105tek \ud83d\ude09<\/p>\n<p>BAZA wnios\u0142a w nasze \u017cycie wiele dobrego- zawodowo i prywatnie. Jestem dumna, \u017ce mam okazj\u0119 pracowa\u0107 z tak wspania\u0142ymi, m\u0105drymi lud\u017ami!<\/p>\n<p>Dzi\u0119kujemy Wam za zaufanie! Za to, \u017ce przyprowadzacie do nas Wasze dzieci, za ka\u017cd\u0105 rozmow\u0119, u\u015bmiech i mi\u0142e s\u0142owa.<\/p>\n<p>To by\u0142 dobry rok! Wierzymy, \u017ce nast\u0119pny przyniesie i Wam i nam mn\u00f3stwo powod\u00f3w do rado\u015bci \ud83d\ude42<\/p>\n<p>Niech b\u0119dzie pi\u0119knie!!<\/p>\n<p>&nbsp;<\/p>\n<p><img loading=\"lazy\" decoding=\"async\" class=\"alignnone size-medium wp-image-6524\" src=\"https:\/\/bazanakrakowskiej.pl\/wp-content\/uploads\/2021\/12\/podsumowanie-2021-300x240.jpg\" alt=\"\" width=\"300\" height=\"240\" srcset=\"https:\/\/bazanakrakowskiej.pl\/wp-content\/uploads\/2021\/12\/podsumowanie-2021-300x240.jpg 300w, https:\/\/bazanakrakowskiej.pl\/wp-content\/uploads\/2021\/12\/podsumowanie-2021-1024x819.jpg 1024w, https:\/\/bazanakrakowskiej.pl\/wp-content\/uploads\/2021\/12\/podsumowanie-2021-768x614.jpg 768w, https:\/\/bazanakrakowskiej.pl\/wp-content\/uploads\/2021\/12\/podsumowanie-2021-1536x1229.jpg 1536w, https:\/\/bazanakrakowskiej.pl\/wp-content\/uploads\/2021\/12\/podsumowanie-2021.jpg 2000w\" sizes=\"auto, (max-width: 300px) 100vw, 300px\" \/><\/p>\n","protected":false},"excerpt":{"rendered":"<p>Ko\u0144c\u00f3wka roku to dobry czas na podsumowanie, je\u015bli oczywi\u015bcie kto\u015b czuje potrzeb\u0119 oddzielenia czego\u015b grub\u0105&#8230;<\/p>\n","protected":false},"author":1,"featured_media":6525,"comment_status":"open","ping_status":"open","sticky":false,"template":"","format":"gallery","meta":{"_jetpack_memberships_contains_paid_content":false,"footnotes":""},"categories":[1],"tags":[],"class_list":{"0":"post-6523","1":"post","2":"type-post","3":"status-publish","4":"format-gallery","5":"has-post-thumbnail","7":"category-aktualnosci","8":"post_format-post-format-gallery"},"jetpack_featured_media_url":"https:\/\/bazanakrakowskiej.pl\/wp-content\/uploads\/2021\/12\/podsumowanie-2021-maly.jpg","jetpack_sharing_enabled":true,"_links":{"self":[{"href":"https:\/\/bazanakrakowskiej.pl\/index.php\/wp-json\/wp\/v2\/posts\/6523","targetHints":{"allow":["GET"]}}],"collection":[{"href":"https:\/\/bazanakrakowskiej.pl\/index.php\/wp-json\/wp\/v2\/posts"}],"about":[{"href":"https:\/\/bazanakrakowskiej.pl\/index.php\/wp-json\/wp\/v2\/types\/post"}],"author":[{"embeddable":true,"href":"https:\/\/bazanakrakowskiej.pl\/index.php\/wp-json\/wp\/v2\/users\/1"}],"replies":[{"embeddable":true,"href":"https:\/\/bazanakrakowskiej.pl\/index.php\/wp-json\/wp\/v2\/comments?post=6523"}],"version-history":[{"count":5,"href":"https:\/\/bazanakrakowskiej.pl\/index.php\/wp-json\/wp\/v2\/posts\/6523\/revisions"}],"predecessor-version":[{"id":6530,"href":"https:\/\/bazanakrakowskiej.pl\/index.php\/wp-json\/wp\/v2\/posts\/6523\/revisions\/6530"}],"wp:featuredmedia":[{"embeddable":true,"href":"https:\/\/bazanakrakowskiej.pl\/index.php\/wp-json\/wp\/v2\/media\/6525"}],"wp:attachment":[{"href":"https:\/\/bazanakrakowskiej.pl\/index.php\/wp-json\/wp\/v2\/media?parent=6523"}],"wp:term":[{"taxonomy":"category","embeddable":true,"href":"https:\/\/bazanakrakowskiej.pl\/index.php\/wp-json\/wp\/v2\/categories?post=6523"},{"taxonomy":"post_tag","embeddable":true,"href":"https:\/\/bazanakrakowskiej.pl\/index.php\/wp-json\/wp\/v2\/tags?post=6523"}],"curies":[{"name":"wp","href":"https:\/\/api.w.org\/{rel}","templated":true}]}}