{"id":6646,"date":"2022-01-27T20:21:37","date_gmt":"2022-01-27T19:21:37","guid":{"rendered":"https:\/\/bazanakrakowskiej.pl\/?p=6646"},"modified":"2022-01-27T20:21:37","modified_gmt":"2022-01-27T19:21:37","slug":"kawka-z-mleczkiem-2","status":"publish","type":"post","link":"https:\/\/bazanakrakowskiej.pl\/index.php\/2022\/01\/27\/kawka-z-mleczkiem-2\/","title":{"rendered":"Kawka z mleczkiem!"},"content":{"rendered":"<div class=\"kvgmc6g5 cxmmr5t8 oygrvhab hcukyx3x c1et5uql ii04i59q\">\n<div dir=\"auto\">KAWKA z MLECZKIEM otrzymuje swoje w\u0142asne logo!<\/p>\n<\/div>\n<\/div>\n<div class=\"cxmmr5t8 oygrvhab hcukyx3x c1et5uql o9v6fnle ii04i59q\">\n<div dir=\"auto\">Nasze spotkania dla Mam z ma\u0142ymi dzie\u0107mi, kt\u00f3re organizujemy w BAZIE na KRAKOWSKIEJ robi\u0105 si\u0119 coraz bardziej popularne!<\/div>\n<\/div>\n<div class=\"cxmmr5t8 oygrvhab hcukyx3x c1et5uql o9v6fnle ii04i59q\">\n<div dir=\"auto\">Wspaniale jest poznawa\u0107 Was, wys\u0142uchiwa\u0107 historii i anegdot zwi\u0105zanych (nie tylko!) z macierzy\u0144stwem; obserwowa\u0107 jak dzieci z ka\u017cdym spotkaniem zmieniaj\u0105 si\u0119 i sp\u0119dza\u0107 wsp\u00f3lnie czas przy pysznej kawie i domowym cie\u015bcie.<\/p>\n<\/div>\n<\/div>\n<div class=\"cxmmr5t8 oygrvhab hcukyx3x c1et5uql o9v6fnle ii04i59q\">\n<div dir=\"auto\">Do tej pory spotka\u0142y\u015bmy si\u0119 5 razy -czasem s\u0105 to towarzyskie spotkania, a niekiedy zapraszamy specjalnych go\u015bci \ud83d\ude42<\/div>\n<div dir=\"auto\">By\u0142y to:<\/div>\n<\/div>\n<div class=\"cxmmr5t8 oygrvhab hcukyx3x c1et5uql o9v6fnle ii04i59q\">\n<div dir=\"auto\"><span class=\"pq6dq46d tbxw36s4 knj5qynh kvgmc6g5 ditlmg2l oygrvhab nvdbi5me sf5mxxl7 gl3lb2sf hhz5lgdu\"><img loading=\"lazy\" decoding=\"async\" src=\"https:\/\/static.xx.fbcdn.net\/images\/emoji.php\/v9\/t54\/1.5\/16\/25ab.png\" alt=\"\u25ab\ufe0f\" width=\"16\" height=\"16\" \/><\/span><span class=\"pq6dq46d tbxw36s4 knj5qynh kvgmc6g5 ditlmg2l oygrvhab nvdbi5me sf5mxxl7 gl3lb2sf hhz5lgdu\"><img loading=\"lazy\" decoding=\"async\" src=\"https:\/\/static.xx.fbcdn.net\/images\/emoji.php\/v9\/t54\/1.5\/16\/25ab.png\" alt=\"\u25ab\ufe0f\" width=\"16\" height=\"16\" \/><\/span><a class=\"oajrlxb2 g5ia77u1 qu0x051f esr5mh6w e9989ue4 r7d6kgcz rq0escxv nhd2j8a9 nc684nl6 p7hjln8o kvgmc6g5 cxmmr5t8 oygrvhab hcukyx3x jb3vyjys rz4wbd8a qt6c0cv9 a8nywdso i1ao9s8h esuyzwwr f1sip0of lzcic4wl gpro0wi8 q66pz984 b1v8xokw\" tabindex=\"0\" role=\"link\" href=\"https:\/\/www.facebook.com\/ewa.paczynska.3?__cft__[0]=AZU7VcWSZ6Nii5g_yWCEvYm3upZAgZO-Pbrcdqanqn529QV4MPXg3g_btBjSig1LK-pNf9Yvloj9Wddujm7oYmNIN59aUJDgBOOZySv-STi-sM3zA8-pNX_FfgLowDCuE6r9gtjSDnIdGDzcURNihAMvV1Pl7CvxbtbCwqSK6KVxUw&amp;__tn__=-]K-R\"><span class=\"nc684nl6\">Ewa Paczy\u0144ska<\/span><\/a>, kt\u00f3ra poprowadzi\u0142a warsztaty makija\u017cowe dla zabieganych Mam.<\/div>\n<div dir=\"auto\"><span class=\"pq6dq46d tbxw36s4 knj5qynh kvgmc6g5 ditlmg2l oygrvhab nvdbi5me sf5mxxl7 gl3lb2sf hhz5lgdu\"><img loading=\"lazy\" decoding=\"async\" src=\"https:\/\/static.xx.fbcdn.net\/images\/emoji.php\/v9\/t54\/1.5\/16\/25ab.png\" alt=\"\u25ab\ufe0f\" width=\"16\" height=\"16\" \/><\/span><span class=\"pq6dq46d tbxw36s4 knj5qynh kvgmc6g5 ditlmg2l oygrvhab nvdbi5me sf5mxxl7 gl3lb2sf hhz5lgdu\"><img loading=\"lazy\" decoding=\"async\" src=\"https:\/\/static.xx.fbcdn.net\/images\/emoji.php\/v9\/t54\/1.5\/16\/25ab.png\" alt=\"\u25ab\ufe0f\" width=\"16\" height=\"16\" \/><\/span><a class=\"oajrlxb2 g5ia77u1 qu0x051f esr5mh6w e9989ue4 r7d6kgcz rq0escxv nhd2j8a9 nc684nl6 p7hjln8o kvgmc6g5 cxmmr5t8 oygrvhab hcukyx3x jb3vyjys rz4wbd8a qt6c0cv9 a8nywdso i1ao9s8h esuyzwwr f1sip0of lzcic4wl gpro0wi8 q66pz984 b1v8xokw\" tabindex=\"0\" role=\"link\" href=\"https:\/\/www.facebook.com\/ada.wieliczka?__cft__[0]=AZU7VcWSZ6Nii5g_yWCEvYm3upZAgZO-Pbrcdqanqn529QV4MPXg3g_btBjSig1LK-pNf9Yvloj9Wddujm7oYmNIN59aUJDgBOOZySv-STi-sM3zA8-pNX_FfgLowDCuE6r9gtjSDnIdGDzcURNihAMvV1Pl7CvxbtbCwqSK6KVxUw&amp;__tn__=-]K-R\"><span class=\"nc684nl6\">Adriana Wieliczka-Szostek<\/span><\/a> po\u0142o\u017cna, doradczyni noszenia dzieci w chustach i nosid\u0142ach mi\u0119kkich, edukatorka laktacyjn\u0105, kt\u00f3ra opowiedzia\u0142a o blisko\u015bci, jak\u0105 daje noszenie dziecka przy sercu.<\/p>\n<\/div>\n<\/div>\n<div class=\"cxmmr5t8 oygrvhab hcukyx3x c1et5uql o9v6fnle ii04i59q\">\n<div dir=\"auto\">A JU\u017b 1 LUTEGO, we wtorek KOLEJNE SPOTKANIE KAWKI Z MLECZKIEM i co\u015b naprawd\u0119 EXTRA, B\u0118DZIE GO\u015a\u0106 SPECJALNY<span class=\"pq6dq46d tbxw36s4 knj5qynh kvgmc6g5 ditlmg2l oygrvhab nvdbi5me sf5mxxl7 gl3lb2sf hhz5lgdu\"><img loading=\"lazy\" decoding=\"async\" src=\"https:\/\/static.xx.fbcdn.net\/images\/emoji.php\/v9\/td7\/1.5\/16\/2757.png\" alt=\"\u2757\ufe0f\" width=\"16\" height=\"16\" \/><\/span><\/div>\n<div dir=\"auto\">&#8212;&gt; Szczeg\u00f3\u0142y ju\u017c jutro!<\/p>\n<\/div>\n<\/div>\n<div class=\"cxmmr5t8 oygrvhab hcukyx3x c1et5uql o9v6fnle ii04i59q\">\n<div dir=\"auto\">Wkr\u00f3tce powstanie tak\u017ce grupa na fb pod szyldem Kawki z mleczkiem, po to aby po\u0142\u0105czy\u0107 si\u0142y i aby by\u0142o jeszcze fajniej!<\/p>\n<\/div>\n<\/div>\n<div class=\"cxmmr5t8 oygrvhab hcukyx3x c1et5uql o9v6fnle ii04i59q\">\n<div dir=\"auto\">Drogie Mamy!<\/div>\n<\/div>\n<div class=\"cxmmr5t8 oygrvhab hcukyx3x c1et5uql o9v6fnle ii04i59q\">\n<div dir=\"auto\">Pami\u0119tajcie, \u017ce jest w Was wielka si\u0142a i moc! Nikt tak jak wy nie ogarnia tylu rzeczy naraz i nie kocha tak mocno!<\/div>\n<div dir=\"auto\">Bywa, \u017ce musimy walczy\u0107- dlatego dobrze zebra\u0107 si\u0142y !<\/div>\n<div dir=\"auto\">Dajcie sobie czas i nigdy nie zapominajcie, \u017ce Wasz komfort i czas dla siebie jest szczeg\u00f3lnie wa\u017cny!<\/div>\n<div dir=\"auto\">Mamy nadziej\u0119, \u017ce wsp\u00f3lne spotkania w Bazie pozwol\u0105 Wam na chwil\u0119 wytchnienia przy ciep\u0142ej (!) kawie w mi\u0142ej atmosferze.<\/div>\n<\/div>\n<div class=\"cxmmr5t8 oygrvhab hcukyx3x c1et5uql o9v6fnle ii04i59q\">\n<div dir=\"auto\">No przecie\u017c si\u0119 Wam nale\u017cy, prawda?<\/p>\n<p><span class=\"pq6dq46d tbxw36s4 knj5qynh kvgmc6g5 ditlmg2l oygrvhab nvdbi5me sf5mxxl7 gl3lb2sf hhz5lgdu\"><br \/>\n<img loading=\"lazy\" decoding=\"async\" class=\"alignnone size-medium wp-image-6647\" src=\"https:\/\/bazanakrakowskiej.pl\/wp-content\/uploads\/2022\/01\/Untitled-design-300x251.png\" alt=\"\" width=\"300\" height=\"251\" srcset=\"https:\/\/bazanakrakowskiej.pl\/wp-content\/uploads\/2022\/01\/Untitled-design-300x251.png 300w, https:\/\/bazanakrakowskiej.pl\/wp-content\/uploads\/2022\/01\/Untitled-design-768x644.png 768w, https:\/\/bazanakrakowskiej.pl\/wp-content\/uploads\/2022\/01\/Untitled-design.png 940w\" sizes=\"auto, (max-width: 300px) 100vw, 300px\" \/><\/span><\/div>\n<\/div>\n","protected":false},"excerpt":{"rendered":"<p>KAWKA z MLECZKIEM otrzymuje swoje w\u0142asne logo! Nasze spotkania dla Mam z ma\u0142ymi dzie\u0107mi, kt\u00f3re&#8230;<\/p>\n","protected":false},"author":1,"featured_media":6648,"comment_status":"open","ping_status":"open","sticky":false,"template":"","format":"standard","meta":{"_jetpack_memberships_contains_paid_content":false,"footnotes":""},"categories":[1],"tags":[],"class_list":{"0":"post-6646","1":"post","2":"type-post","3":"status-publish","4":"format-standard","5":"has-post-thumbnail","7":"category-aktualnosci"},"jetpack_featured_media_url":"https:\/\/bazanakrakowskiej.pl\/wp-content\/uploads\/2022\/01\/kawka-scaled.jpg","jetpack_sharing_enabled":true,"_links":{"self":[{"href":"https:\/\/bazanakrakowskiej.pl\/index.php\/wp-json\/wp\/v2\/posts\/6646","targetHints":{"allow":["GET"]}}],"collection":[{"href":"https:\/\/bazanakrakowskiej.pl\/index.php\/wp-json\/wp\/v2\/posts"}],"about":[{"href":"https:\/\/bazanakrakowskiej.pl\/index.php\/wp-json\/wp\/v2\/types\/post"}],"author":[{"embeddable":true,"href":"https:\/\/bazanakrakowskiej.pl\/index.php\/wp-json\/wp\/v2\/users\/1"}],"replies":[{"embeddable":true,"href":"https:\/\/bazanakrakowskiej.pl\/index.php\/wp-json\/wp\/v2\/comments?post=6646"}],"version-history":[{"count":1,"href":"https:\/\/bazanakrakowskiej.pl\/index.php\/wp-json\/wp\/v2\/posts\/6646\/revisions"}],"predecessor-version":[{"id":6649,"href":"https:\/\/bazanakrakowskiej.pl\/index.php\/wp-json\/wp\/v2\/posts\/6646\/revisions\/6649"}],"wp:featuredmedia":[{"embeddable":true,"href":"https:\/\/bazanakrakowskiej.pl\/index.php\/wp-json\/wp\/v2\/media\/6648"}],"wp:attachment":[{"href":"https:\/\/bazanakrakowskiej.pl\/index.php\/wp-json\/wp\/v2\/media?parent=6646"}],"wp:term":[{"taxonomy":"category","embeddable":true,"href":"https:\/\/bazanakrakowskiej.pl\/index.php\/wp-json\/wp\/v2\/categories?post=6646"},{"taxonomy":"post_tag","embeddable":true,"href":"https:\/\/bazanakrakowskiej.pl\/index.php\/wp-json\/wp\/v2\/tags?post=6646"}],"curies":[{"name":"wp","href":"https:\/\/api.w.org\/{rel}","templated":true}]}}