{"id":6659,"date":"2022-02-06T20:31:20","date_gmt":"2022-02-06T19:31:20","guid":{"rendered":"https:\/\/bazanakrakowskiej.pl\/?p=6659"},"modified":"2022-02-06T20:31:46","modified_gmt":"2022-02-06T19:31:46","slug":"kurs-masazu-shantala-dla-niemowlat-i-malych-dzieci","status":"publish","type":"post","link":"https:\/\/bazanakrakowskiej.pl\/index.php\/2022\/02\/06\/kurs-masazu-shantala-dla-niemowlat-i-malych-dzieci\/","title":{"rendered":"Kurs masa\u017cu Shantala dla niemowl\u0105t i ma\u0142ych dzieci"},"content":{"rendered":"<p><strong>Drodzy Rodzice! <\/strong><\/p>\n<p>Tydzie\u0144 temu na Kawce z Mleczkiem pani Marta Kowalczyk wprowadzi\u0142a nas w temat masa\u017cu Shantala<strong>.<\/strong><\/p>\n<p>Wychodz\u0105c naprzeciw Waszym pro\u015bbom i zainteresowaniu zaj\u0119ciami w ubieg\u0142ym tygodniu,<\/p>\n<p>serdecznie zapraszamy WAS na <strong>KURS MASA\u017bU SHANTALA<\/strong> dla niemowl\u0105t i ma\u0142ych dzieci.<\/p>\n<p>Kurs b\u0119dzie sk\u0142ada\u0142 si\u0119 z dw\u00f3ch spotka\u0144:<\/p>\n<p><strong>9 lutego 2022 (\u015broda) 10:30<\/strong><\/p>\n<p><strong>15 lutego 2022 (wtorek) 16:30<\/strong><\/p>\n<p>B\u0119d\u0105 to dwugodzinne spotkania z indywidulanym podej\u015bciem do ka\u017cdego uczestnika.<\/p>\n<p>Nale\u017cy przyj\u015b\u0107 z Maluszkiem, zabra\u0107 ze sob\u0105 dwa r\u0119czniki, podk\u0142ad dla dziecka, olejek\/oliwk\u0119 i kocyk.<\/p>\n<p>Cena: 140 z\u0142 (za dwa spotkania). Wszyscy otrzymaj\u0105 dyplom uczestnictwa.<\/p>\n<p>&nbsp;<\/p>\n<p>Ilo\u015b\u0107 miejsc ograniczona- obowi\u0105zuj\u0105 zapisy pod nr tel <strong>731\u00a0251\u00a0102<\/strong><\/p>\n<p><strong>Serdecznie zapraszamy! Naprawd\u0119 warto \ud83d\ude42<\/strong><\/p>\n<p>&nbsp;<\/p>\n<p><img loading=\"lazy\" decoding=\"async\" class=\"alignnone wp-image-6660\" src=\"https:\/\/bazanakrakowskiej.pl\/wp-content\/uploads\/2022\/02\/Kurs-bedzie-skladal-sie-z-dwoch-spotkan-9-lutego-2022-sroda-1030-15-lutego-2022-wtorek-1630-2-212x300.jpg\" alt=\"\" width=\"244\" height=\"346\" srcset=\"https:\/\/bazanakrakowskiej.pl\/wp-content\/uploads\/2022\/02\/Kurs-bedzie-skladal-sie-z-dwoch-spotkan-9-lutego-2022-sroda-1030-15-lutego-2022-wtorek-1630-2-212x300.jpg 212w, https:\/\/bazanakrakowskiej.pl\/wp-content\/uploads\/2022\/02\/Kurs-bedzie-skladal-sie-z-dwoch-spotkan-9-lutego-2022-sroda-1030-15-lutego-2022-wtorek-1630-2-724x1024.jpg 724w, https:\/\/bazanakrakowskiej.pl\/wp-content\/uploads\/2022\/02\/Kurs-bedzie-skladal-sie-z-dwoch-spotkan-9-lutego-2022-sroda-1030-15-lutego-2022-wtorek-1630-2-768x1086.jpg 768w, https:\/\/bazanakrakowskiej.pl\/wp-content\/uploads\/2022\/02\/Kurs-bedzie-skladal-sie-z-dwoch-spotkan-9-lutego-2022-sroda-1030-15-lutego-2022-wtorek-1630-2-1086x1536.jpg 1086w, https:\/\/bazanakrakowskiej.pl\/wp-content\/uploads\/2022\/02\/Kurs-bedzie-skladal-sie-z-dwoch-spotkan-9-lutego-2022-sroda-1030-15-lutego-2022-wtorek-1630-2-1448x2048.jpg 1448w, https:\/\/bazanakrakowskiej.pl\/wp-content\/uploads\/2022\/02\/Kurs-bedzie-skladal-sie-z-dwoch-spotkan-9-lutego-2022-sroda-1030-15-lutego-2022-wtorek-1630-2.jpg 1587w\" sizes=\"auto, (max-width: 244px) 100vw, 244px\" \/><\/p>\n","protected":false},"excerpt":{"rendered":"<p>Drodzy Rodzice! Tydzie\u0144 temu na Kawce z Mleczkiem pani Marta Kowalczyk wprowadzi\u0142a nas w temat&#8230;<\/p>\n","protected":false},"author":1,"featured_media":6660,"comment_status":"open","ping_status":"open","sticky":false,"template":"","format":"standard","meta":{"_jetpack_memberships_contains_paid_content":false,"footnotes":""},"categories":[1],"tags":[],"class_list":{"0":"post-6659","1":"post","2":"type-post","3":"status-publish","4":"format-standard","5":"has-post-thumbnail","7":"category-aktualnosci"},"jetpack_featured_media_url":"https:\/\/bazanakrakowskiej.pl\/wp-content\/uploads\/2022\/02\/Kurs-bedzie-skladal-sie-z-dwoch-spotkan-9-lutego-2022-sroda-1030-15-lutego-2022-wtorek-1630-2.jpg","jetpack_sharing_enabled":true,"_links":{"self":[{"href":"https:\/\/bazanakrakowskiej.pl\/index.php\/wp-json\/wp\/v2\/posts\/6659","targetHints":{"allow":["GET"]}}],"collection":[{"href":"https:\/\/bazanakrakowskiej.pl\/index.php\/wp-json\/wp\/v2\/posts"}],"about":[{"href":"https:\/\/bazanakrakowskiej.pl\/index.php\/wp-json\/wp\/v2\/types\/post"}],"author":[{"embeddable":true,"href":"https:\/\/bazanakrakowskiej.pl\/index.php\/wp-json\/wp\/v2\/users\/1"}],"replies":[{"embeddable":true,"href":"https:\/\/bazanakrakowskiej.pl\/index.php\/wp-json\/wp\/v2\/comments?post=6659"}],"version-history":[{"count":1,"href":"https:\/\/bazanakrakowskiej.pl\/index.php\/wp-json\/wp\/v2\/posts\/6659\/revisions"}],"predecessor-version":[{"id":6661,"href":"https:\/\/bazanakrakowskiej.pl\/index.php\/wp-json\/wp\/v2\/posts\/6659\/revisions\/6661"}],"wp:featuredmedia":[{"embeddable":true,"href":"https:\/\/bazanakrakowskiej.pl\/index.php\/wp-json\/wp\/v2\/media\/6660"}],"wp:attachment":[{"href":"https:\/\/bazanakrakowskiej.pl\/index.php\/wp-json\/wp\/v2\/media?parent=6659"}],"wp:term":[{"taxonomy":"category","embeddable":true,"href":"https:\/\/bazanakrakowskiej.pl\/index.php\/wp-json\/wp\/v2\/categories?post=6659"},{"taxonomy":"post_tag","embeddable":true,"href":"https:\/\/bazanakrakowskiej.pl\/index.php\/wp-json\/wp\/v2\/tags?post=6659"}],"curies":[{"name":"wp","href":"https:\/\/api.w.org\/{rel}","templated":true}]}}