{"id":6680,"date":"2022-03-10T13:42:49","date_gmt":"2022-03-10T12:42:49","guid":{"rendered":"https:\/\/bazanakrakowskiej.pl\/?p=6680"},"modified":"2022-03-10T13:42:49","modified_gmt":"2022-03-10T12:42:49","slug":"kawka-z-mleczkiem-15-marca-2022","status":"publish","type":"post","link":"https:\/\/bazanakrakowskiej.pl\/index.php\/2022\/03\/10\/kawka-z-mleczkiem-15-marca-2022\/","title":{"rendered":"Kawka z Mleczkiem 15 marca 2022"},"content":{"rendered":"<div class=\"kvgmc6g5 cxmmr5t8 oygrvhab hcukyx3x c1et5uql ii04i59q\">\n<div dir=\"auto\">Nast\u0119pne spotkanie Kawki z Mleczkiem ju\u017c 15 MARCA we wtorek o 15:30 \ud83d\ude42<\/div>\n<div dir=\"auto\"><\/div>\n<div dir=\"auto\">Naszym go\u015bciem b\u0119dzie p. Wiktoria W\u00f3jcik, piel\u0119gniarka pracuj\u0105ca w szpitalu pediatrycznym. Odpowie na wiele Waszych pyta\u0144 zwi\u0105zanych z gor\u0105czkowaniem u dzieci.<\/div>\n<div dir=\"auto\"><\/div>\n<\/div>\n<div class=\"cxmmr5t8 oygrvhab hcukyx3x c1et5uql o9v6fnle ii04i59q\">\n<div dir=\"auto\">Bardzo prosimy o zg\u0142aszanie udzia\u0142u w spotkaniu- mo\u017ce by\u0107 w formie sms, lub na fb\/ Instagramie.<\/div>\n<div dir=\"auto\"><\/div>\n<div dir=\"auto\">Nasz nr tel. 731 251 102<\/div>\n<\/div>\n<div class=\"cxmmr5t8 oygrvhab hcukyx3x c1et5uql o9v6fnle ii04i59q\">\n<div dir=\"auto\">Dobrego dnia! <span class=\"pq6dq46d tbxw36s4 knj5qynh kvgmc6g5 ditlmg2l oygrvhab nvdbi5me sf5mxxl7 gl3lb2sf hhz5lgdu\"><img loading=\"lazy\" decoding=\"async\" src=\"https:\/\/static.xx.fbcdn.net\/images\/emoji.php\/v9\/ta5\/1.5\/16\/1f642.png\" alt=\"?\" width=\"16\" height=\"16\" \/><\/span><\/div>\n<\/div>\n<div dir=\"auto\"><\/div>\n<div dir=\"auto\"><img loading=\"lazy\" decoding=\"async\" class=\"alignnone  wp-image-6681\" src=\"https:\/\/bazanakrakowskiej.pl\/wp-content\/uploads\/2022\/03\/z-mleczkiem-1-212x300.jpg\" alt=\"\" width=\"271\" height=\"383\" srcset=\"https:\/\/bazanakrakowskiej.pl\/wp-content\/uploads\/2022\/03\/z-mleczkiem-1-212x300.jpg 212w, https:\/\/bazanakrakowskiej.pl\/wp-content\/uploads\/2022\/03\/z-mleczkiem-1-724x1024.jpg 724w, https:\/\/bazanakrakowskiej.pl\/wp-content\/uploads\/2022\/03\/z-mleczkiem-1-768x1086.jpg 768w, https:\/\/bazanakrakowskiej.pl\/wp-content\/uploads\/2022\/03\/z-mleczkiem-1-1086x1536.jpg 1086w, https:\/\/bazanakrakowskiej.pl\/wp-content\/uploads\/2022\/03\/z-mleczkiem-1-1448x2048.jpg 1448w, https:\/\/bazanakrakowskiej.pl\/wp-content\/uploads\/2022\/03\/z-mleczkiem-1.jpg 1587w\" sizes=\"auto, (max-width: 271px) 100vw, 271px\" \/><\/div>\n","protected":false},"excerpt":{"rendered":"<p>Nast\u0119pne spotkanie Kawki z Mleczkiem ju\u017c 15 MARCA we wtorek o 15:30 \ud83d\ude42 Naszym go\u015bciem&#8230;<\/p>\n","protected":false},"author":1,"featured_media":6681,"comment_status":"open","ping_status":"open","sticky":false,"template":"","format":"standard","meta":{"_jetpack_memberships_contains_paid_content":false,"footnotes":""},"categories":[1],"tags":[],"class_list":{"0":"post-6680","1":"post","2":"type-post","3":"status-publish","4":"format-standard","5":"has-post-thumbnail","7":"category-aktualnosci"},"jetpack_featured_media_url":"https:\/\/bazanakrakowskiej.pl\/wp-content\/uploads\/2022\/03\/z-mleczkiem-1.jpg","jetpack_sharing_enabled":true,"_links":{"self":[{"href":"https:\/\/bazanakrakowskiej.pl\/index.php\/wp-json\/wp\/v2\/posts\/6680","targetHints":{"allow":["GET"]}}],"collection":[{"href":"https:\/\/bazanakrakowskiej.pl\/index.php\/wp-json\/wp\/v2\/posts"}],"about":[{"href":"https:\/\/bazanakrakowskiej.pl\/index.php\/wp-json\/wp\/v2\/types\/post"}],"author":[{"embeddable":true,"href":"https:\/\/bazanakrakowskiej.pl\/index.php\/wp-json\/wp\/v2\/users\/1"}],"replies":[{"embeddable":true,"href":"https:\/\/bazanakrakowskiej.pl\/index.php\/wp-json\/wp\/v2\/comments?post=6680"}],"version-history":[{"count":1,"href":"https:\/\/bazanakrakowskiej.pl\/index.php\/wp-json\/wp\/v2\/posts\/6680\/revisions"}],"predecessor-version":[{"id":6682,"href":"https:\/\/bazanakrakowskiej.pl\/index.php\/wp-json\/wp\/v2\/posts\/6680\/revisions\/6682"}],"wp:featuredmedia":[{"embeddable":true,"href":"https:\/\/bazanakrakowskiej.pl\/index.php\/wp-json\/wp\/v2\/media\/6681"}],"wp:attachment":[{"href":"https:\/\/bazanakrakowskiej.pl\/index.php\/wp-json\/wp\/v2\/media?parent=6680"}],"wp:term":[{"taxonomy":"category","embeddable":true,"href":"https:\/\/bazanakrakowskiej.pl\/index.php\/wp-json\/wp\/v2\/categories?post=6680"},{"taxonomy":"post_tag","embeddable":true,"href":"https:\/\/bazanakrakowskiej.pl\/index.php\/wp-json\/wp\/v2\/tags?post=6680"}],"curies":[{"name":"wp","href":"https:\/\/api.w.org\/{rel}","templated":true}]}}