{"id":6686,"date":"2022-03-16T11:47:25","date_gmt":"2022-03-16T10:47:25","guid":{"rendered":"https:\/\/bazanakrakowskiej.pl\/?p=6686"},"modified":"2022-03-16T11:48:52","modified_gmt":"2022-03-16T10:48:52","slug":"6686","status":"publish","type":"post","link":"https:\/\/bazanakrakowskiej.pl\/index.php\/2022\/03\/16\/6686\/","title":{"rendered":"PrzedPrzedszkole &#8211; ruszy\u0142y zapisy!!"},"content":{"rendered":"<p>Ju\u017c w tym tygodniu otwieramy w BAZIE nasze PrzedPrzedszkole.<\/p>\n<p>Zaj\u0119cia skierowane s\u0105 do dzieci, kt\u00f3re we wrze\u015bniu bie\u017c\u0105cego roku b\u0119d\u0105 rozpoczyna\u0107 swoj\u0105 edukacj\u0119 przedszkoln\u0105.<\/p>\n<p>W\/w zaj\u0119cia maj\u0105 na celu u\u0142atwienie dzieciom p\u00f3\u017aniejszej adaptacji w nowym, r\u00f3wie\u015bniczym \u015brodowisku przedszkolnym, dlatego odbywa\u0107 si\u0119 b\u0119d\u0105 bez udzia\u0142u rodzic\u00f3w J<\/p>\n<p>Otwieramy zapisy do sta\u0142ej grupy (max.10 dzieci).<\/p>\n<p>Ka\u017cda \u015broda 10:30-12:00<\/p>\n<p>Ka\u017cdy czwartek: 10:30- 12:00<\/p>\n<p>Koszt to 45 z\u0142\/ dzie\u0144<\/p>\n<p>W cenie:<\/p>\n<p>&#8211; opieka wykwalifikowanej kadry<\/p>\n<p>&#8211; materia\u0142y do zaj\u0119\u0107<\/p>\n<p>&#8211; ubezpieczenie NW<\/p>\n<p>PrzedPrzedszkole b\u0119dzie prowadzone wed\u0142ug autorskiego programu nauczania adekwatnie do wieku rozwojowego dzieci.<br \/>\nTrwa\u0107 b\u0119dzie od marca do czerwca.<\/p>\n<p>Rezerwacja miejsca i wi\u0119cej informacji pod nr tel.<span style=\"color: #ffcc99;\"><strong> 731\u00a0251\u00a0102.<\/strong><\/span><\/p>\n<p>&nbsp;<\/p>\n<p>Zapraszamy!!<\/p>\n<p>&nbsp;<\/p>\n<p><img loading=\"lazy\" decoding=\"async\" class=\"alignnone size-medium wp-image-6687\" src=\"https:\/\/bazanakrakowskiej.pl\/wp-content\/uploads\/2022\/03\/Untitled-design-6-300x300.png\" alt=\"\" width=\"300\" height=\"300\" srcset=\"https:\/\/bazanakrakowskiej.pl\/wp-content\/uploads\/2022\/03\/Untitled-design-6-300x300.png 300w, https:\/\/bazanakrakowskiej.pl\/wp-content\/uploads\/2022\/03\/Untitled-design-6-150x150.png 150w, https:\/\/bazanakrakowskiej.pl\/wp-content\/uploads\/2022\/03\/Untitled-design-6-100x100.png 100w, https:\/\/bazanakrakowskiej.pl\/wp-content\/uploads\/2022\/03\/Untitled-design-6-140x140.png 140w, https:\/\/bazanakrakowskiej.pl\/wp-content\/uploads\/2022\/03\/Untitled-design-6-350x350.png 350w, https:\/\/bazanakrakowskiej.pl\/wp-content\/uploads\/2022\/03\/Untitled-design-6.png 500w\" sizes=\"auto, (max-width: 300px) 100vw, 300px\" \/><\/p>\n","protected":false},"excerpt":{"rendered":"<p>Ju\u017c w tym tygodniu otwieramy w BAZIE nasze PrzedPrzedszkole. Zaj\u0119cia skierowane s\u0105 do dzieci, kt\u00f3re&#8230;<\/p>\n","protected":false},"author":1,"featured_media":6691,"comment_status":"open","ping_status":"open","sticky":false,"template":"","format":"standard","meta":{"_jetpack_memberships_contains_paid_content":false,"footnotes":""},"categories":[1],"tags":[],"class_list":{"0":"post-6686","1":"post","2":"type-post","3":"status-publish","4":"format-standard","5":"has-post-thumbnail","7":"category-aktualnosci"},"jetpack_featured_media_url":"https:\/\/bazanakrakowskiej.pl\/wp-content\/uploads\/2022\/03\/przed-jpg.jpg","jetpack_sharing_enabled":true,"_links":{"self":[{"href":"https:\/\/bazanakrakowskiej.pl\/index.php\/wp-json\/wp\/v2\/posts\/6686","targetHints":{"allow":["GET"]}}],"collection":[{"href":"https:\/\/bazanakrakowskiej.pl\/index.php\/wp-json\/wp\/v2\/posts"}],"about":[{"href":"https:\/\/bazanakrakowskiej.pl\/index.php\/wp-json\/wp\/v2\/types\/post"}],"author":[{"embeddable":true,"href":"https:\/\/bazanakrakowskiej.pl\/index.php\/wp-json\/wp\/v2\/users\/1"}],"replies":[{"embeddable":true,"href":"https:\/\/bazanakrakowskiej.pl\/index.php\/wp-json\/wp\/v2\/comments?post=6686"}],"version-history":[{"count":2,"href":"https:\/\/bazanakrakowskiej.pl\/index.php\/wp-json\/wp\/v2\/posts\/6686\/revisions"}],"predecessor-version":[{"id":6690,"href":"https:\/\/bazanakrakowskiej.pl\/index.php\/wp-json\/wp\/v2\/posts\/6686\/revisions\/6690"}],"wp:featuredmedia":[{"embeddable":true,"href":"https:\/\/bazanakrakowskiej.pl\/index.php\/wp-json\/wp\/v2\/media\/6691"}],"wp:attachment":[{"href":"https:\/\/bazanakrakowskiej.pl\/index.php\/wp-json\/wp\/v2\/media?parent=6686"}],"wp:term":[{"taxonomy":"category","embeddable":true,"href":"https:\/\/bazanakrakowskiej.pl\/index.php\/wp-json\/wp\/v2\/categories?post=6686"},{"taxonomy":"post_tag","embeddable":true,"href":"https:\/\/bazanakrakowskiej.pl\/index.php\/wp-json\/wp\/v2\/tags?post=6686"}],"curies":[{"name":"wp","href":"https:\/\/api.w.org\/{rel}","templated":true}]}}