{"id":6749,"date":"2022-05-19T11:27:10","date_gmt":"2022-05-19T09:27:10","guid":{"rendered":"https:\/\/bazanakrakowskiej.pl\/?p=6749"},"modified":"2022-05-19T11:27:10","modified_gmt":"2022-05-19T09:27:10","slug":"dzien-mamy-wasze-historie-24-v-kawka-z-mleczkiem","status":"publish","type":"post","link":"https:\/\/bazanakrakowskiej.pl\/index.php\/2022\/05\/19\/dzien-mamy-wasze-historie-24-v-kawka-z-mleczkiem\/","title":{"rendered":"Dzie\u0144 Mamy. Wasze historie. 24.V Kawka z Mleczkiem"},"content":{"rendered":"<p>Na spotkania Kawki z Mleczkiem zapraszamy cz\u0119sto r\u00f3\u017cnych go\u015bci i specjalist\u00f3w z wielu dziedzin.<\/p>\n<p>Ale poniewa\u017c zbli\u017ca si\u0119 Dzie\u0144 Mamy postanowi\u0142y\u015bmy, \u017ce to spotkanie b\u0119dzie wyj\u0105tkowe a naszymi ekspertami b\u0119dziecie\u2026.<br \/>\n<span style=\"color: #ff99cc;\"><strong>Wy, Drogie Mamy.<\/strong><\/span><\/p>\n<p>Chcemy aby ka\u017cda z Was mog\u0142a mie\u0107 czas powiedzie\u0107 o sobie, czym si\u0119 zajmuje, co lubi; bo przecie\u017c ka\u017cda z nas ma swoj\u0105 histori\u0119, kt\u00f3r\u0105 by\u0107 mo\u017ce chce si\u0119 podzieli\u0107.<\/p>\n<p><strong>B\u0119dzie nam mi\u0142o go\u015bci\u0107 Was ju\u017c we wtorek 24\u00a0 maja o godz. 11:00 w BAZIE na Krakowskiej.<\/strong><\/p>\n<p>Zapraszamy Was jak zawsze na kaw\u0119 i co\u015b dobrego!<\/p>\n<p>&nbsp;<\/p>\n<p><img loading=\"lazy\" decoding=\"async\" class=\"alignnone size-medium wp-image-6750\" src=\"https:\/\/bazanakrakowskiej.pl\/wp-content\/uploads\/2022\/05\/z-mleczkiem-3-212x300.png\" alt=\"\" width=\"212\" height=\"300\" srcset=\"https:\/\/bazanakrakowskiej.pl\/wp-content\/uploads\/2022\/05\/z-mleczkiem-3-212x300.png 212w, https:\/\/bazanakrakowskiej.pl\/wp-content\/uploads\/2022\/05\/z-mleczkiem-3-724x1024.png 724w, https:\/\/bazanakrakowskiej.pl\/wp-content\/uploads\/2022\/05\/z-mleczkiem-3-768x1086.png 768w, https:\/\/bazanakrakowskiej.pl\/wp-content\/uploads\/2022\/05\/z-mleczkiem-3-1086x1536.png 1086w, https:\/\/bazanakrakowskiej.pl\/wp-content\/uploads\/2022\/05\/z-mleczkiem-3-1448x2048.png 1448w, https:\/\/bazanakrakowskiej.pl\/wp-content\/uploads\/2022\/05\/z-mleczkiem-3.png 1587w\" sizes=\"auto, (max-width: 212px) 100vw, 212px\" \/><\/p>\n","protected":false},"excerpt":{"rendered":"<p>Na spotkania Kawki z Mleczkiem zapraszamy cz\u0119sto r\u00f3\u017cnych go\u015bci i specjalist\u00f3w z wielu dziedzin. Ale&#8230;<\/p>\n","protected":false},"author":1,"featured_media":6750,"comment_status":"open","ping_status":"open","sticky":false,"template":"","format":"standard","meta":{"_jetpack_memberships_contains_paid_content":false,"footnotes":""},"categories":[1],"tags":[],"class_list":{"0":"post-6749","1":"post","2":"type-post","3":"status-publish","4":"format-standard","5":"has-post-thumbnail","7":"category-aktualnosci"},"jetpack_featured_media_url":"https:\/\/bazanakrakowskiej.pl\/wp-content\/uploads\/2022\/05\/z-mleczkiem-3.png","jetpack_sharing_enabled":true,"_links":{"self":[{"href":"https:\/\/bazanakrakowskiej.pl\/index.php\/wp-json\/wp\/v2\/posts\/6749","targetHints":{"allow":["GET"]}}],"collection":[{"href":"https:\/\/bazanakrakowskiej.pl\/index.php\/wp-json\/wp\/v2\/posts"}],"about":[{"href":"https:\/\/bazanakrakowskiej.pl\/index.php\/wp-json\/wp\/v2\/types\/post"}],"author":[{"embeddable":true,"href":"https:\/\/bazanakrakowskiej.pl\/index.php\/wp-json\/wp\/v2\/users\/1"}],"replies":[{"embeddable":true,"href":"https:\/\/bazanakrakowskiej.pl\/index.php\/wp-json\/wp\/v2\/comments?post=6749"}],"version-history":[{"count":1,"href":"https:\/\/bazanakrakowskiej.pl\/index.php\/wp-json\/wp\/v2\/posts\/6749\/revisions"}],"predecessor-version":[{"id":6751,"href":"https:\/\/bazanakrakowskiej.pl\/index.php\/wp-json\/wp\/v2\/posts\/6749\/revisions\/6751"}],"wp:featuredmedia":[{"embeddable":true,"href":"https:\/\/bazanakrakowskiej.pl\/index.php\/wp-json\/wp\/v2\/media\/6750"}],"wp:attachment":[{"href":"https:\/\/bazanakrakowskiej.pl\/index.php\/wp-json\/wp\/v2\/media?parent=6749"}],"wp:term":[{"taxonomy":"category","embeddable":true,"href":"https:\/\/bazanakrakowskiej.pl\/index.php\/wp-json\/wp\/v2\/categories?post=6749"},{"taxonomy":"post_tag","embeddable":true,"href":"https:\/\/bazanakrakowskiej.pl\/index.php\/wp-json\/wp\/v2\/tags?post=6749"}],"curies":[{"name":"wp","href":"https:\/\/api.w.org\/{rel}","templated":true}]}}