{"id":7355,"date":"2023-11-29T19:11:51","date_gmt":"2023-11-29T18:11:51","guid":{"rendered":"https:\/\/bazanakrakowskiej.pl\/?p=7355"},"modified":"2023-11-30T17:32:03","modified_gmt":"2023-11-30T16:32:03","slug":"bazart-kiermasz-artystyczny-8-12","status":"publish","type":"post","link":"https:\/\/bazanakrakowskiej.pl\/index.php\/2023\/11\/29\/bazart-kiermasz-artystyczny-8-12\/","title":{"rendered":"BazART- kiermasz artystyczny 8.12"},"content":{"rendered":"[vc_row type=&#8221;in_container&#8221; full_screen_row_position=&#8221;middle&#8221; column_margin=&#8221;default&#8221; column_direction=&#8221;default&#8221; column_direction_tablet=&#8221;default&#8221; column_direction_phone=&#8221;default&#8221; scene_position=&#8221;center&#8221; text_color=&#8221;dark&#8221; text_align=&#8221;left&#8221; row_border_radius=&#8221;none&#8221; row_border_radius_applies=&#8221;bg&#8221; overlay_strength=&#8221;0.3&#8243; gradient_direction=&#8221;left_to_right&#8221; shape_divider_position=&#8221;bottom&#8221; bg_image_animation=&#8221;none&#8221;][vc_column column_padding=&#8221;no-extra-padding&#8221; column_padding_tablet=&#8221;inherit&#8221; column_padding_phone=&#8221;inherit&#8221; column_padding_position=&#8221;all&#8221; column_element_spacing=&#8221;default&#8221; background_color_opacity=&#8221;1&#8243; background_hover_color_opacity=&#8221;1&#8243; column_shadow=&#8221;none&#8221; column_border_radius=&#8221;none&#8221; column_link_target=&#8221;_self&#8221; gradient_direction=&#8221;left_to_right&#8221; overlay_strength=&#8221;0.3&#8243; width=&#8221;1\/1&#8243; tablet_width_inherit=&#8221;default&#8221; tablet_text_alignment=&#8221;default&#8221; phone_text_alignment=&#8221;default&#8221; bg_image_animation=&#8221;none&#8221; border_type=&#8221;simple&#8221; column_border_width=&#8221;none&#8221; column_border_style=&#8221;solid&#8221;][vc_column_text]<strong><span style=\"font-size: 14pt;\">Ju\u017c 8 grudnia, jedno z najwi\u0119kszych przedsi\u0119wzi\u0119\u0107\u00a0 jakie organizujemy w Bazie- \u00a0BazART !<\/span><\/strong><\/p>\n<p>Jest to\u00a0 KIERMASZ ARTYSTYCZNY, ze wzgl\u0119du na por\u0119- nawi\u0105zuj\u0105cy do \u015bwi\u0105t, (bo takie elementy te\u017c si\u0119 oczywi\u015bcie pojawi\u0105), ale jego <span style=\"color: #ffcc00;\"><strong>g\u0142\u00f3wnym celem jest zaprezentowanie tw\u00f3rczo\u015bci wyj\u0105tkowych, zdolnych ludzi, kt\u00f3rzy maj\u0105 pasj\u0119, talent i robi\u0105 niesamowite rzeczy!<\/strong><\/span><\/p>\n<p>Jestem nies\u0142ychanie dumna, \u017ce w Gminie Bestwina i okolicach jest tylu utalentowanych ludzi \u00a0i szcz\u0119\u015bliwa, \u017ce wybrali nasze miejsce aby pokaza\u0107 swoje prace.<\/p>\n<p>A zatem z wielk\u0105 przyjemno\u015bci\u0105 przedstawiam Wam list\u0119 wystawc\u00f3w na tegorocznym BazArcie*:<\/p>\n<ol>\n<li>Karolina Mo\u015b <strong><a href=\"https:\/\/www.facebook.com\/profile.php?id=100067558522410\">\u201eKartki Karotki\u201d<\/a>&#8211;<\/strong> \u015bwiece sojowe, ozdoby choinkowe<\/li>\n<li>Lena Wr\u00f3bel <strong><a href=\"https:\/\/www.instagram.com\/mas.kotki_\/\">\u201eMasKOTKI\u201d<\/a>&#8211;<\/strong> maskotki robione na szyde\u0142ku<\/li>\n<li>Marzena \u0141aszkiewicz <strong><a href=\"https:\/\/www.facebook.com\/profile.php?id=100050949655475\">\u201eKraina Piernik\u00f3w- ciasteczka\u201d<\/a>&#8211;<\/strong> pierniki robione r\u0119cznie<\/li>\n<li>Agata Kara\u015b- prace szyde\u0142kowe, bi\u017cuteria, torebki<\/li>\n<li>Ilona Kubiczek <strong><a href=\"https:\/\/www.facebook.com\/search\/top?q=ikubi%20pracownia\">\u201eIkubi\u201d<\/a>&#8211;<\/strong> akwarele, kartki \u015bwi\u0105teczne , kalendarze<\/li>\n<li>Paulina Englert <strong><a href=\"https:\/\/www.facebook.com\/nana.paulina.englert.new\">\u201eNaNa\u201d<\/a>&#8211;<\/strong> artyku\u0142y dzieci\u0119ce i odzie\u017cowe<\/li>\n<li>Aleksandra Paszek- <strong><a href=\"https:\/\/www.facebook.com\/0laPrzetwornia\">\u201ePrzetwornia\u201d<\/a>&#8211;<\/strong> makrama, haft, drewniane dekoracje<\/li>\n<li>Joanna Liberda \u2013 pierniczki \u015bwi\u0105teczne r\u0119cznie zdobione<\/li>\n<li>Monika Hernas- <strong><a href=\"https:\/\/pl.pinterest.com\/monikakraoppl\/by-moni\/?invite_code=5d423addfc534a0c89cba2261e3cc98f&amp;sender=780389579088785257\">By Moni \/pinterest <\/a><\/strong>ceramika i prace plastyczne<\/li>\n<li>Aneta G\u00f3rny<strong><a href=\"https:\/\/www.facebook.com\/profile.php?id=100063848119902\"> \u201eInspirowane mi\u0142o\u015bci\u0105\u201d<\/a>&#8211; <\/strong>artyku\u0142y dzieci\u0119ce i dekoracyjne<\/li>\n<li>Urszula Horeczy <strong><a href=\"https:\/\/www.facebook.com\/la.czapulla\">\u201eLa Czapulla\u201d<\/a>&#8211;<\/strong> czapki i opaski z we\u0142ny merino<\/li>\n<li>Agata Dittrich- Kocur- kompozycje kwiatowe, wianki, stroiki<\/li>\n<li>Justyna Kunicka <strong><a href=\"https:\/\/www.facebook.com\/profile.php?id=100064672126985\">\u201eKreatywna Manufaktura\u201d<\/a>&#8211;<\/strong> portrety, ilustracje akwarelowe<\/li>\n<li>\u017baneta Kozik- &#8222;<strong><a href=\"https:\/\/www.instagram.com\/zanet.ko\/\">Zanet.ko&#8221;<\/a><\/strong>torby i akcesoria<\/li>\n<li>Monika Kumala <strong><a href=\"https:\/\/www.facebook.com\/profile.php?id=100083781655136\">\u201eFollow the Bunny\u201d<\/a>&#8211;<\/strong> ubrania dzieci\u0119ce<\/li>\n<li>Joanna Ludwik <strong><a href=\"https:\/\/www.facebook.com\/maminkapl\">\u201eMaminka\u201d<\/a>&#8211; <\/strong>ubranka, poduszki, torby<\/li>\n<\/ol>\n<p>*Prezentacja wystawc\u00f3w ju\u017c wkr\u00f3tce na naszym Fb i Instagramie.<\/p>\n<p><span style=\"font-size: 14pt; color: #ff6600;\"><strong>BazART- 8 grudnia\/ pi\u0105tek godz.15:00-18:00.<\/strong><\/span><br \/>\nWst\u0119p wolny.<\/p>\n<p>&#8212;&#8212;&#8212;&#8212;&#8212;&#8212;&#8212;&#8212;&#8212;&#8212;&#8212;&#8212;&#8212;&#8212;&#8212;&#8212;&#8212;&#8212;&#8212;&#8212;&#8212;&#8212;&#8212;&#8212;&#8212;&#8212;-[\/vc_column_text][\/vc_column][\/vc_row][vc_row type=&#8221;in_container&#8221; full_screen_row_position=&#8221;middle&#8221; column_margin=&#8221;default&#8221; column_direction=&#8221;default&#8221; column_direction_tablet=&#8221;default&#8221; column_direction_phone=&#8221;default&#8221; scene_position=&#8221;center&#8221; text_color=&#8221;dark&#8221; text_align=&#8221;left&#8221; row_border_radius=&#8221;none&#8221; row_border_radius_applies=&#8221;bg&#8221; overlay_strength=&#8221;0.3&#8243; gradient_direction=&#8221;left_to_right&#8221; shape_divider_position=&#8221;bottom&#8221; bg_image_animation=&#8221;none&#8221;][vc_column column_padding=&#8221;no-extra-padding&#8221; column_padding_tablet=&#8221;inherit&#8221; column_padding_phone=&#8221;inherit&#8221; column_padding_position=&#8221;all&#8221; column_element_spacing=&#8221;default&#8221; background_color_opacity=&#8221;1&#8243; background_hover_color_opacity=&#8221;1&#8243; column_shadow=&#8221;none&#8221; column_border_radius=&#8221;none&#8221; column_link_target=&#8221;_self&#8221; gradient_direction=&#8221;left_to_right&#8221; overlay_strength=&#8221;0.3&#8243; width=&#8221;1\/1&#8243; tablet_width_inherit=&#8221;default&#8221; tablet_text_alignment=&#8221;default&#8221; phone_text_alignment=&#8221;default&#8221; bg_image_animation=&#8221;none&#8221; border_type=&#8221;simple&#8221; column_border_width=&#8221;none&#8221; column_border_style=&#8221;solid&#8221;][image_with_animation image_url=&#8221;7356&#8243; animation=&#8221;Fade In&#8221; hover_animation=&#8221;none&#8221; alignment=&#8221;&#8221; border_radius=&#8221;none&#8221; box_shadow=&#8221;none&#8221; image_loading=&#8221;default&#8221; max_width=&#8221;100%&#8221; max_width_mobile=&#8221;default&#8221;][\/vc_column][\/vc_row]\n","protected":false},"excerpt":{"rendered":"<p>[vc_row type=&#8221;in_container&#8221; full_screen_row_position=&#8221;middle&#8221; column_margin=&#8221;default&#8221; column_direction=&#8221;default&#8221; column_direction_tablet=&#8221;default&#8221; column_direction_phone=&#8221;default&#8221; scene_position=&#8221;center&#8221; text_color=&#8221;dark&#8221; text_align=&#8221;left&#8221; row_border_radius=&#8221;none&#8221; row_border_radius_applies=&#8221;bg&#8221; overlay_strength=&#8221;0.3&#8243; gradient_direction=&#8221;left_to_right&#8221; shape_divider_position=&#8221;bottom&#8221;&#8230;<\/p>\n","protected":false},"author":1,"featured_media":7356,"comment_status":"open","ping_status":"open","sticky":false,"template":"","format":"standard","meta":{"_jetpack_memberships_contains_paid_content":false,"footnotes":""},"categories":[1],"tags":[],"class_list":{"0":"post-7355","1":"post","2":"type-post","3":"status-publish","4":"format-standard","5":"has-post-thumbnail","7":"category-aktualnosci"},"jetpack_featured_media_url":"https:\/\/bazanakrakowskiej.pl\/wp-content\/uploads\/2023\/11\/BazART-kiermasz-2023.png","jetpack_sharing_enabled":true,"_links":{"self":[{"href":"https:\/\/bazanakrakowskiej.pl\/index.php\/wp-json\/wp\/v2\/posts\/7355","targetHints":{"allow":["GET"]}}],"collection":[{"href":"https:\/\/bazanakrakowskiej.pl\/index.php\/wp-json\/wp\/v2\/posts"}],"about":[{"href":"https:\/\/bazanakrakowskiej.pl\/index.php\/wp-json\/wp\/v2\/types\/post"}],"author":[{"embeddable":true,"href":"https:\/\/bazanakrakowskiej.pl\/index.php\/wp-json\/wp\/v2\/users\/1"}],"replies":[{"embeddable":true,"href":"https:\/\/bazanakrakowskiej.pl\/index.php\/wp-json\/wp\/v2\/comments?post=7355"}],"version-history":[{"count":5,"href":"https:\/\/bazanakrakowskiej.pl\/index.php\/wp-json\/wp\/v2\/posts\/7355\/revisions"}],"predecessor-version":[{"id":7387,"href":"https:\/\/bazanakrakowskiej.pl\/index.php\/wp-json\/wp\/v2\/posts\/7355\/revisions\/7387"}],"wp:featuredmedia":[{"embeddable":true,"href":"https:\/\/bazanakrakowskiej.pl\/index.php\/wp-json\/wp\/v2\/media\/7356"}],"wp:attachment":[{"href":"https:\/\/bazanakrakowskiej.pl\/index.php\/wp-json\/wp\/v2\/media?parent=7355"}],"wp:term":[{"taxonomy":"category","embeddable":true,"href":"https:\/\/bazanakrakowskiej.pl\/index.php\/wp-json\/wp\/v2\/categories?post=7355"},{"taxonomy":"post_tag","embeddable":true,"href":"https:\/\/bazanakrakowskiej.pl\/index.php\/wp-json\/wp\/v2\/tags?post=7355"}],"curies":[{"name":"wp","href":"https:\/\/api.w.org\/{rel}","templated":true}]}}