{"id":7540,"date":"2024-03-27T08:44:34","date_gmt":"2024-03-27T07:44:34","guid":{"rendered":"https:\/\/bazanakrakowskiej.pl\/?p=7540"},"modified":"2024-03-27T08:46:21","modified_gmt":"2024-03-27T07:46:21","slug":"nowa-edycja-szkoly-rysunkowej-zapisy","status":"publish","type":"post","link":"https:\/\/bazanakrakowskiej.pl\/index.php\/2024\/03\/27\/nowa-edycja-szkoly-rysunkowej-zapisy\/","title":{"rendered":"Nowa edycja Szko\u0142y Rysunkowej -zapisy"},"content":{"rendered":"[vc_row type=&#8221;in_container&#8221; full_screen_row_position=&#8221;middle&#8221; column_margin=&#8221;default&#8221; column_direction=&#8221;default&#8221; column_direction_tablet=&#8221;default&#8221; column_direction_phone=&#8221;default&#8221; scene_position=&#8221;center&#8221; text_color=&#8221;dark&#8221; text_align=&#8221;left&#8221; row_border_radius=&#8221;none&#8221; row_border_radius_applies=&#8221;bg&#8221; overlay_strength=&#8221;0.3&#8243; gradient_direction=&#8221;left_to_right&#8221; shape_divider_position=&#8221;bottom&#8221; bg_image_animation=&#8221;none&#8221;][vc_column column_padding=&#8221;no-extra-padding&#8221; column_padding_tablet=&#8221;inherit&#8221; column_padding_phone=&#8221;inherit&#8221; column_padding_position=&#8221;all&#8221; column_element_spacing=&#8221;default&#8221; background_color_opacity=&#8221;1&#8243; background_hover_color_opacity=&#8221;1&#8243; column_shadow=&#8221;none&#8221; column_border_radius=&#8221;none&#8221; column_link_target=&#8221;_self&#8221; gradient_direction=&#8221;left_to_right&#8221; overlay_strength=&#8221;0.3&#8243; width=&#8221;1\/1&#8243; tablet_width_inherit=&#8221;default&#8221; tablet_text_alignment=&#8221;default&#8221; phone_text_alignment=&#8221;default&#8221; bg_image_animation=&#8221;none&#8221; border_type=&#8221;simple&#8221; column_border_width=&#8221;none&#8221; column_border_style=&#8221;solid&#8221;][vc_column_text]Rusza kolejna edycja <span style=\"color: #ffcc00;\"><strong>SZKO\u0141Y RYSUNKOWEJ !<\/strong><\/span><\/p>\n<p>SZKO\u0141A RYSUNKOWA to kurs malarstwa i rysunku, na kt\u00f3rym dzieci :<br \/>\n&#8211; rozwin\u0105 tw\u00f3rcz\u0105 postaw\u0119, kreatywno\u015b\u0107 i poczucie estetyki<br \/>\n&#8211; pobudz\u0105 swoj\u0105 wra\u017cliwo\u015b\u0107 i wyra\u017c\u0105 ekspresj\u0119<br \/>\n&#8211; wycisz\u0105 negatywne emocje i zrelaksuj\u0105 si\u0119<br \/>\n&#8211; b\u0119d\u0105 kszta\u0142towa\u0107 umiej\u0119tno\u015bci pos\u0142ugiwania si\u0119 \u015brodkami plastycznymi<br \/>\n&#8211; sp\u0119dz\u0105 czas w mi\u0142ym gronie i przyjaznej atmosferze<\/p>\n<p>Kurs przewiduje 6 spotka\u0144, w wybrane \u015brody miesi\u0105ca w godzinach 15:30-16:30.<br \/>\nZaj\u0119cia zostan\u0105 zwie\u0144czone wystaw\u0105 prac w czerwcu podsumowuj\u0105c\u0105 sezon artystyczny BAZY.<br \/>\n\ud83d\ude42 Zaj\u0119cia dla dzieci w wieku 7-9 lat.<\/p>\n<p><span style=\"color: #ff6600;\">WA\u017bNE INFORMACJE:<\/span><\/p>\n<p>&#8211; Zaczynamy ju\u017c 17 kwietnia.<br \/>\n&#8211; ZAPISY trwaj\u0105 tylko do 10 kwietnia<br \/>\n&#8211; Koszt kursu 300 z\u0142\/ ca\u0142o\u015b\u0107.<br \/>\n&#8211; Zapewniamy materia\u0142y do zaj\u0119\u0107.<br \/>\n&#8211; Ilo\u015b\u0107 miejsc ograniczona<br \/>\nSzczeg\u00f3\u0142y pod nr tel. 731 251 102.[\/vc_column_text][\/vc_column][\/vc_row][vc_row type=&#8221;in_container&#8221; full_screen_row_position=&#8221;middle&#8221; column_margin=&#8221;default&#8221; column_direction=&#8221;default&#8221; column_direction_tablet=&#8221;default&#8221; column_direction_phone=&#8221;default&#8221; scene_position=&#8221;center&#8221; text_color=&#8221;dark&#8221; text_align=&#8221;left&#8221; row_border_radius=&#8221;none&#8221; row_border_radius_applies=&#8221;bg&#8221; overlay_strength=&#8221;0.3&#8243; gradient_direction=&#8221;left_to_right&#8221; shape_divider_position=&#8221;bottom&#8221; bg_image_animation=&#8221;none&#8221;][vc_column column_padding=&#8221;no-extra-padding&#8221; column_padding_tablet=&#8221;inherit&#8221; column_padding_phone=&#8221;inherit&#8221; column_padding_position=&#8221;all&#8221; column_element_spacing=&#8221;default&#8221; background_color_opacity=&#8221;1&#8243; background_hover_color_opacity=&#8221;1&#8243; column_shadow=&#8221;none&#8221; column_border_radius=&#8221;none&#8221; column_link_target=&#8221;_self&#8221; gradient_direction=&#8221;left_to_right&#8221; overlay_strength=&#8221;0.3&#8243; width=&#8221;1\/1&#8243; tablet_width_inherit=&#8221;default&#8221; tablet_text_alignment=&#8221;default&#8221; phone_text_alignment=&#8221;default&#8221; bg_image_animation=&#8221;none&#8221; border_type=&#8221;simple&#8221; column_border_width=&#8221;none&#8221; column_border_style=&#8221;solid&#8221;][image_with_animation image_url=&#8221;7541&#8243; animation=&#8221;Fade In&#8221; hover_animation=&#8221;none&#8221; alignment=&#8221;&#8221; border_radius=&#8221;none&#8221; box_shadow=&#8221;none&#8221; image_loading=&#8221;default&#8221; max_width=&#8221;100%&#8221; max_width_mobile=&#8221;default&#8221;][\/vc_column][\/vc_row]\n","protected":false},"excerpt":{"rendered":"<p>[vc_row type=&#8221;in_container&#8221; full_screen_row_position=&#8221;middle&#8221; column_margin=&#8221;default&#8221; column_direction=&#8221;default&#8221; column_direction_tablet=&#8221;default&#8221; column_direction_phone=&#8221;default&#8221; scene_position=&#8221;center&#8221; text_color=&#8221;dark&#8221; text_align=&#8221;left&#8221; row_border_radius=&#8221;none&#8221; row_border_radius_applies=&#8221;bg&#8221; overlay_strength=&#8221;0.3&#8243; gradient_direction=&#8221;left_to_right&#8221; shape_divider_position=&#8221;bottom&#8221;&#8230;<\/p>\n","protected":false},"author":1,"featured_media":7541,"comment_status":"open","ping_status":"open","sticky":false,"template":"","format":"standard","meta":{"_jetpack_memberships_contains_paid_content":false,"footnotes":""},"categories":[1],"tags":[],"class_list":{"0":"post-7540","1":"post","2":"type-post","3":"status-publish","4":"format-standard","5":"has-post-thumbnail","7":"category-aktualnosci"},"jetpack_featured_media_url":"https:\/\/bazanakrakowskiej.pl\/wp-content\/uploads\/2024\/03\/zajecia-plastyczne-dla-dzieci-w-wieku-6-9-lat-2.png","jetpack_sharing_enabled":true,"_links":{"self":[{"href":"https:\/\/bazanakrakowskiej.pl\/index.php\/wp-json\/wp\/v2\/posts\/7540","targetHints":{"allow":["GET"]}}],"collection":[{"href":"https:\/\/bazanakrakowskiej.pl\/index.php\/wp-json\/wp\/v2\/posts"}],"about":[{"href":"https:\/\/bazanakrakowskiej.pl\/index.php\/wp-json\/wp\/v2\/types\/post"}],"author":[{"embeddable":true,"href":"https:\/\/bazanakrakowskiej.pl\/index.php\/wp-json\/wp\/v2\/users\/1"}],"replies":[{"embeddable":true,"href":"https:\/\/bazanakrakowskiej.pl\/index.php\/wp-json\/wp\/v2\/comments?post=7540"}],"version-history":[{"count":2,"href":"https:\/\/bazanakrakowskiej.pl\/index.php\/wp-json\/wp\/v2\/posts\/7540\/revisions"}],"predecessor-version":[{"id":7543,"href":"https:\/\/bazanakrakowskiej.pl\/index.php\/wp-json\/wp\/v2\/posts\/7540\/revisions\/7543"}],"wp:featuredmedia":[{"embeddable":true,"href":"https:\/\/bazanakrakowskiej.pl\/index.php\/wp-json\/wp\/v2\/media\/7541"}],"wp:attachment":[{"href":"https:\/\/bazanakrakowskiej.pl\/index.php\/wp-json\/wp\/v2\/media?parent=7540"}],"wp:term":[{"taxonomy":"category","embeddable":true,"href":"https:\/\/bazanakrakowskiej.pl\/index.php\/wp-json\/wp\/v2\/categories?post=7540"},{"taxonomy":"post_tag","embeddable":true,"href":"https:\/\/bazanakrakowskiej.pl\/index.php\/wp-json\/wp\/v2\/tags?post=7540"}],"curies":[{"name":"wp","href":"https:\/\/api.w.org\/{rel}","templated":true}]}}