{"id":8465,"date":"2025-08-07T14:53:02","date_gmt":"2025-08-07T12:53:02","guid":{"rendered":"https:\/\/bazanakrakowskiej.pl\/?p=8465"},"modified":"2025-08-07T18:42:52","modified_gmt":"2025-08-07T16:42:52","slug":"konkursy-taneczne","status":"publish","type":"post","link":"https:\/\/bazanakrakowskiej.pl\/index.php\/2025\/08\/07\/konkursy-taneczne\/","title":{"rendered":"Konkursy taneczne, na kt\u00f3rych byli\u015bmy ! Nagrody i fotorelacje"},"content":{"rendered":"[vc_row type=&#8221;in_container&#8221; full_screen_row_position=&#8221;middle&#8221; column_margin=&#8221;default&#8221; column_direction=&#8221;default&#8221; column_direction_tablet=&#8221;default&#8221; column_direction_phone=&#8221;default&#8221; scene_position=&#8221;center&#8221; text_color=&#8221;dark&#8221; text_align=&#8221;left&#8221; row_border_radius=&#8221;none&#8221; row_border_radius_applies=&#8221;bg&#8221; overlay_strength=&#8221;0.3&#8243; gradient_direction=&#8221;left_to_right&#8221; shape_divider_position=&#8221;bottom&#8221; bg_image_animation=&#8221;none&#8221;][vc_column column_padding=&#8221;no-extra-padding&#8221; column_padding_tablet=&#8221;inherit&#8221; column_padding_phone=&#8221;inherit&#8221; column_padding_position=&#8221;all&#8221; column_element_spacing=&#8221;default&#8221; background_color_opacity=&#8221;1&#8243; background_hover_color_opacity=&#8221;1&#8243; column_shadow=&#8221;none&#8221; column_border_radius=&#8221;none&#8221; column_link_target=&#8221;_self&#8221; gradient_direction=&#8221;left_to_right&#8221; overlay_strength=&#8221;0.3&#8243; width=&#8221;1\/1&#8243; tablet_width_inherit=&#8221;default&#8221; tablet_text_alignment=&#8221;default&#8221; phone_text_alignment=&#8221;default&#8221; bg_image_animation=&#8221;none&#8221; border_type=&#8221;simple&#8221; column_border_width=&#8221;none&#8221; column_border_style=&#8221;solid&#8221;][vc_column_text]<strong>Nasze grupy taneczne reprezentuj\u0105 Baz\u0119 na licznych konkursach i przegl\u0105dach tanecznych.\u00a0<\/strong><br \/>\nChoreografem i instruktorem jest Pani Gabriela Borowska<br \/>\nDo tej pory zespo\u0142y <em>BazaART i BazaART Junior, Ta\u0144cz\u0105ce Brzd\u0105ce<\/em>\u00a0 bra\u0142y udzia\u0142 w nast\u0119puj\u0105cych wydarzeniach i zdoby\u0142y:[\/vc_column_text][\/vc_column][\/vc_row][vc_row type=&#8221;in_container&#8221; full_screen_row_position=&#8221;middle&#8221; column_margin=&#8221;default&#8221; column_direction=&#8221;default&#8221; column_direction_tablet=&#8221;default&#8221; column_direction_phone=&#8221;default&#8221; scene_position=&#8221;center&#8221; text_color=&#8221;dark&#8221; text_align=&#8221;left&#8221; row_border_radius=&#8221;none&#8221; row_border_radius_applies=&#8221;bg&#8221; overlay_strength=&#8221;0.3&#8243; gradient_direction=&#8221;left_to_right&#8221; shape_divider_position=&#8221;bottom&#8221; bg_image_animation=&#8221;none&#8221;][vc_column column_padding=&#8221;no-extra-padding&#8221; column_padding_tablet=&#8221;inherit&#8221; column_padding_phone=&#8221;inherit&#8221; column_padding_position=&#8221;all&#8221; column_element_spacing=&#8221;default&#8221; background_color_opacity=&#8221;1&#8243; background_hover_color_opacity=&#8221;1&#8243; column_shadow=&#8221;none&#8221; column_border_radius=&#8221;none&#8221; column_link_target=&#8221;_self&#8221; gradient_direction=&#8221;left_to_right&#8221; overlay_strength=&#8221;0.3&#8243; width=&#8221;1\/1&#8243; tablet_width_inherit=&#8221;default&#8221; tablet_text_alignment=&#8221;default&#8221; phone_text_alignment=&#8221;default&#8221; bg_image_animation=&#8221;none&#8221; border_type=&#8221;simple&#8221; column_border_width=&#8221;none&#8221; column_border_style=&#8221;solid&#8221;][vc_column_text]<strong>2025<\/strong><\/p>\n<p><strong>Turniej ta\u0144ca World Dance &#8211; Summer Edition w Siemianowicach \u015al\u0105skich<\/strong><\/p>\n<p><u>2 miejsce BazaArt Junior<br \/>\n5 miejsce BazaArt<\/u><\/p>\n<p><strong>Solistki:<\/strong><\/p>\n<p><em>Dominika Kapela<\/em><br \/>\n<u>2 miejsce w kategorii Solo Modern Dzieci<\/u><\/p>\n<p><em>Zuzia Stanclik<\/em><br \/>\n<u>6 miejsce w kategorii Solo Modern Dzieci<\/u><\/p>\n<p><em>Lena Wr\u00f3bel<br \/>\n<\/em><u>Wyr\u00f3\u017cnienie w kategorii Solo Modern M\u0142odzie\u017c<\/u><em><br \/>\n<\/em>[\/vc_column_text][vc_gallery type=&#8221;image_grid&#8221; images=&#8221;8537,8538,8539,8540,8542,8543,8544,8545,8546,8547,8548&#8243; image_grid_loading=&#8221;default&#8221; layout=&#8221;4&#8243; item_spacing=&#8221;default&#8221; gallery_style=&#8221;7&#8243; load_in_animation=&#8221;none&#8221;][vc_column_text]<strong>2025<br \/>\n<\/strong><br \/>\n<strong>Og\u00f3lnopolski Festiwal Taneczny \u201eR\u00f3\u017ca\u201d w Sosnowcu<br \/>\n<\/strong><br \/>\n<u>4 miejsce BazArt (na 25 zespo\u0142\u00f3w!)<br \/>\nWyr\u00f3\u017cnienie 2\u00a0 stopnia BazaArt Junior<\/u>[\/vc_column_text][vc_gallery type=&#8221;image_grid&#8221; images=&#8221;8529,8530,8531,8532,8533,8534,8535&#8243; image_grid_loading=&#8221;default&#8221; layout=&#8221;4&#8243; item_spacing=&#8221;default&#8221; gallery_style=&#8221;7&#8243; load_in_animation=&#8221;none&#8221;][vc_column_text]<strong>2025 <\/strong><\/p>\n<p><strong>Konkurs taneczny XX IMPRESJE TANECZNE organizowany przez MDK Ha\u0142cn\u00f3w<br \/>\n<\/strong><u><br \/>\nWyr\u00f3\u017cnienie \u00a02 stopnia BazaArt Junior<\/u>[\/vc_column_text][vc_gallery type=&#8221;image_grid&#8221; images=&#8221;8527,8517,8523,8524,8522,8525,8526&#8243; image_grid_loading=&#8221;default&#8221; layout=&#8221;4&#8243; item_spacing=&#8221;default&#8221; gallery_style=&#8221;7&#8243; load_in_animation=&#8221;none&#8221;][vc_column_text]<strong>2024<\/strong><\/p>\n<p><strong>Mi\u0119dzynarodowy Turniej Ta\u0144ca \u201eWorld Dance\u201d w Sosnowcu<br \/>\n<\/strong><br \/>\n<u>\u00a01 miejsce BazaArt Junior<br \/>\n4 miejsce BazART<\/u>[\/vc_column_text][vc_gallery type=&#8221;image_grid&#8221; images=&#8221;8511,8512,8513,8514,8515,8509,8505&#8243; image_grid_loading=&#8221;default&#8221; layout=&#8221;4&#8243; item_spacing=&#8221;default&#8221; gallery_style=&#8221;7&#8243; load_in_animation=&#8221;none&#8221;][vc_column_text]<strong>2024<\/strong><\/p>\n<p><strong>X Og\u00f3lnopolski Festiwal Ta\u0144ca \u201eTaki taniec\u201d w O\u015bwi\u0119cimiu<br \/>\n<\/strong><br \/>\n<u>Wyr\u00f3\u017cnienie Ta\u0144cz\u0105ce Brzd\u0105ce\u00a0 <\/u>[\/vc_column_text][vc_gallery type=&#8221;image_grid&#8221; images=&#8221;8494,8495,8497,8501,8502,8503,8500&#8243; image_grid_loading=&#8221;default&#8221; layout=&#8221;4&#8243; item_spacing=&#8221;default&#8221; gallery_style=&#8221;7&#8243; load_in_animation=&#8221;none&#8221;][vc_column_text]<strong>2024<\/strong><\/p>\n<p><strong>Og\u00f3lnopolski Festiwal Taneczny \u201eR\u00f3\u017ca\u201d w Sosnowcu<\/strong><\/p>\n<p><u>Wyr\u00f3\u017cnienie 2\u00a0 stopnia BazART<\/u>[\/vc_column_text][vc_gallery type=&#8221;image_grid&#8221; images=&#8221;8486,8487,8488,8489,8490,8491,8492&#8243; image_grid_loading=&#8221;default&#8221; layout=&#8221;4&#8243; item_spacing=&#8221;default&#8221; gallery_style=&#8221;7&#8243; load_in_animation=&#8221;none&#8221;][vc_column_text]<strong>2024 <\/strong><\/p>\n<p><strong>Konkurs taneczny XIX IMPRESJE TANECZNE organizowany przez MDK Ha\u0142cn\u00f3w<\/strong><\/p>\n<p><u>Wyr\u00f3\u017cnienie 1 stopnia Ta\u0144cz\u0105ce Brzd\u0105ce<br \/>\nWyr\u00f3\u017cnienie 3\u00a0 stopnia BazaART<\/u>[\/vc_column_text][vc_gallery type=&#8221;image_grid&#8221; images=&#8221;8475,8476,8477,8479,8481,8482,8483,8484&#8243; image_grid_loading=&#8221;default&#8221; layout=&#8221;4&#8243; item_spacing=&#8221;default&#8221; gallery_style=&#8221;7&#8243; load_in_animation=&#8221;none&#8221;][vc_column_text]<strong>2023<\/strong><\/p>\n<p><strong><span style=\"font-size: 12pt;\">IX Og\u00f3lnopolski Konkurs Ta\u0144ca &#8222;Dance Passion w Jastrz\u0119biu\u00a0<\/span><\/strong><\/p>\n<p><span style=\"font-size: 12pt;\"><u>Wyr\u00f3\u017cnienie 1\u00a0 stopnia Ta\u0144cz\u0105ce Brzd\u0105ce\u00a0 <\/u><\/span>[\/vc_column_text][vc_gallery type=&#8221;image_grid&#8221; images=&#8221;8467,8469,8468,8470,8471,8472,8473&#8243; image_grid_loading=&#8221;default&#8221; layout=&#8221;4&#8243; item_spacing=&#8221;default&#8221; gallery_style=&#8221;7&#8243; load_in_animation=&#8221;none&#8221;][\/vc_column][\/vc_row]\n","protected":false},"excerpt":{"rendered":"<p>[vc_row type=&#8221;in_container&#8221; full_screen_row_position=&#8221;middle&#8221; column_margin=&#8221;default&#8221; column_direction=&#8221;default&#8221; column_direction_tablet=&#8221;default&#8221; column_direction_phone=&#8221;default&#8221; scene_position=&#8221;center&#8221; text_color=&#8221;dark&#8221; text_align=&#8221;left&#8221; row_border_radius=&#8221;none&#8221; row_border_radius_applies=&#8221;bg&#8221; overlay_strength=&#8221;0.3&#8243; gradient_direction=&#8221;left_to_right&#8221; shape_divider_position=&#8221;bottom&#8221;&#8230;<\/p>\n","protected":false},"author":1,"featured_media":8523,"comment_status":"open","ping_status":"open","sticky":false,"template":"","format":"standard","meta":{"_jetpack_memberships_contains_paid_content":false,"footnotes":""},"categories":[1],"tags":[],"class_list":{"0":"post-8465","1":"post","2":"type-post","3":"status-publish","4":"format-standard","5":"has-post-thumbnail","7":"category-aktualnosci"},"jetpack_featured_media_url":"https:\/\/bazanakrakowskiej.pl\/wp-content\/uploads\/2025\/09\/IMG_0020-1-scaled.jpg","jetpack_sharing_enabled":true,"_links":{"self":[{"href":"https:\/\/bazanakrakowskiej.pl\/index.php\/wp-json\/wp\/v2\/posts\/8465","targetHints":{"allow":["GET"]}}],"collection":[{"href":"https:\/\/bazanakrakowskiej.pl\/index.php\/wp-json\/wp\/v2\/posts"}],"about":[{"href":"https:\/\/bazanakrakowskiej.pl\/index.php\/wp-json\/wp\/v2\/types\/post"}],"author":[{"embeddable":true,"href":"https:\/\/bazanakrakowskiej.pl\/index.php\/wp-json\/wp\/v2\/users\/1"}],"replies":[{"embeddable":true,"href":"https:\/\/bazanakrakowskiej.pl\/index.php\/wp-json\/wp\/v2\/comments?post=8465"}],"version-history":[{"count":17,"href":"https:\/\/bazanakrakowskiej.pl\/index.php\/wp-json\/wp\/v2\/posts\/8465\/revisions"}],"predecessor-version":[{"id":8581,"href":"https:\/\/bazanakrakowskiej.pl\/index.php\/wp-json\/wp\/v2\/posts\/8465\/revisions\/8581"}],"wp:featuredmedia":[{"embeddable":true,"href":"https:\/\/bazanakrakowskiej.pl\/index.php\/wp-json\/wp\/v2\/media\/8523"}],"wp:attachment":[{"href":"https:\/\/bazanakrakowskiej.pl\/index.php\/wp-json\/wp\/v2\/media?parent=8465"}],"wp:term":[{"taxonomy":"category","embeddable":true,"href":"https:\/\/bazanakrakowskiej.pl\/index.php\/wp-json\/wp\/v2\/categories?post=8465"},{"taxonomy":"post_tag","embeddable":true,"href":"https:\/\/bazanakrakowskiej.pl\/index.php\/wp-json\/wp\/v2\/tags?post=8465"}],"curies":[{"name":"wp","href":"https:\/\/api.w.org\/{rel}","templated":true}]}}