{"id":8630,"date":"2025-09-15T17:28:46","date_gmt":"2025-09-15T15:28:46","guid":{"rendered":"https:\/\/bazanakrakowskiej.pl\/?p=8630"},"modified":"2025-09-15T17:52:18","modified_gmt":"2025-09-15T15:52:18","slug":"fundacja-baza-kultury","status":"publish","type":"post","link":"https:\/\/bazanakrakowskiej.pl\/index.php\/2025\/09\/15\/fundacja-baza-kultury\/","title":{"rendered":"Fundacja BAZA KULTURY"},"content":{"rendered":"[vc_row type=&#8221;in_container&#8221; full_screen_row_position=&#8221;middle&#8221; column_margin=&#8221;default&#8221; column_direction=&#8221;default&#8221; column_direction_tablet=&#8221;default&#8221; column_direction_phone=&#8221;default&#8221; scene_position=&#8221;center&#8221; text_color=&#8221;dark&#8221; text_align=&#8221;left&#8221; row_border_radius=&#8221;none&#8221; row_border_radius_applies=&#8221;bg&#8221; overlay_strength=&#8221;0.3&#8243; gradient_direction=&#8221;left_to_right&#8221; shape_divider_position=&#8221;bottom&#8221; bg_image_animation=&#8221;none&#8221;][vc_column column_padding=&#8221;no-extra-padding&#8221; column_padding_tablet=&#8221;inherit&#8221; column_padding_phone=&#8221;inherit&#8221; column_padding_position=&#8221;all&#8221; column_element_spacing=&#8221;default&#8221; background_color_opacity=&#8221;1&#8243; background_hover_color_opacity=&#8221;1&#8243; column_shadow=&#8221;none&#8221; column_border_radius=&#8221;none&#8221; column_link_target=&#8221;_self&#8221; gradient_direction=&#8221;left_to_right&#8221; overlay_strength=&#8221;0.3&#8243; width=&#8221;1\/1&#8243; tablet_width_inherit=&#8221;default&#8221; tablet_text_alignment=&#8221;default&#8221; phone_text_alignment=&#8221;default&#8221; bg_image_animation=&#8221;none&#8221; border_type=&#8221;simple&#8221; column_border_width=&#8221;none&#8221; column_border_style=&#8221;solid&#8221;][vc_column_text]Dzi\u015b z wielk\u0105 rado\u015bci\u0105 pragn\u0119 przedstawi\u0107 Wam m\u0142odsz\u0105 siostr\u0119 Bazy:<\/p>\n<p><span style=\"color: #e89e6d;\"><strong>Fundacja BAZA KULTURY<\/strong><\/span><\/p>\n<p>Stworzona z potrzeby serca, <strong>zaprojektowana z marze\u0144 o miejscu, w kt\u00f3rym kultura realnie zmienia codzienno\u015b\u0107.<\/strong><\/p>\n<p>To odpowied\u017a na zaobserwowane potrzeby, problemy, sytuacje i historie.<br \/>\nZainspirowana \u017cyciem. Nasze dzia\u0142ania popycha do przodu ch\u0119\u0107 wyj\u015bcia mu naprzeciw.<br \/>\nTworz\u0105c wszelkiego rodzaju przedsi\u0119wzi\u0119cia czerpiemy z wielu \u017ar\u00f3de\u0142- literatury, sztuki, podro\u017cy, ludzi, do\u015bwiadczenia, codzienno\u015bci.<\/p>\n<p>M\u00f3wi si\u0119, \u017ce<em> \u201emarzy\u0107 to pragn\u0105\u0107 gwiazdki z nieba. Dzia\u0142a\u0107- to wiedzie\u0107 kt\u00f3rej\u201d.<\/em><\/p>\n<p>Naszym zadaniem jest ukierunkowanie tych dzia\u0142a\u0144, by m\u00f3c si\u0119gn\u0105\u0107 a\u017c do gwiazd!<\/p>\n<p><span style=\"color: #e89e6d;\"><strong>Dlatego dzi\u015b i Ty mo\u017cesz DO\u0141\u0104CZY\u0106 do EKIPY FUNDACJI!<\/strong><\/span><\/p>\n<p>Je\u015bli masz w sobie iskr\u0119 do dzia\u0142ania, zastanawiasz si\u0119 nad wolontariatem, my\u015blisz, o tym co zrobi\u0107 aby zmieni\u0107 \u015bwiat na lepsze- do\u0142\u0105cz do naszego zespo\u0142u!<\/p>\n<p>Nie mamy w planie podboju ca\u0142ego \u015bwiata (na razie ;)) planujemy raczej zadba\u0107 o swoje lokalne \u201epodw\u00f3rko\u201d wierz\u0105c w moc ma\u0142ych spo\u0142eczno\u015bci.<\/p>\n<p>Potrzebny nam kto\u015b, \u00a0kto:<\/p>\n<p><strong style=\"font-style: inherit;\">\u00a0lubi\/ wie\/albo zna kogo\u015b kto wie\/ogarnia\/<\/strong><strong><br \/>\n\/chcia\u0142by si\u0119 dowiedzie\u0107 \/ ma czas\/ ma ch\u0119ci\/ nie boi si\u0119\/<br \/>\n\/boi si\u0119, ale robi\/<\/strong><\/p>\n<p>Je\u015bli chocia\u017c jedno z okre\u015ble\u0144 pasuje do Ciebie- masz racj\u0119- to na Ciebie czekamy!<\/p>\n<p>Tutaj dowiesz si\u0119 jak to zrobi\u0107 :\u00a0<span style=\"color: #e39059;\">\u00a0<a style=\"color: #e39059;\" href=\"https:\/\/fundacjabazakultury.pl\/dolacz-do-ekipy\/\">DO\u0141\u0104CZ DO NAS <\/a><\/span><\/p>\n<p>&#8212;&#8212;&#8212;&#8212;&#8212;&#8212;&#8212;&#8212;&#8212;&#8212;&#8212;&#8212;&#8212;&#8212;&#8212;&#8212;&#8212;&#8212;&#8212;&#8212;&#8212;&#8212;&#8212;&#8212;&#8211;<\/p>\n<p>Dzi\u0119kuj\u0119 wszystkim dobrym ludziom, kt\u00f3rzy wspierali mnie od pocz\u0105tku w tym przedsi\u0119wzi\u0119ciu:<br \/>\nmoim Najbli\u017cszym, Pani Agnieszce, Jankowi, Kasi, Karolinie i tym, kt\u00f3rych obecno\u015b\u0107 i dobre s\u0142owo daje mi si\u0142\u0119 &lt;3<\/p>\n<p style=\"text-align: center;\"><span style=\"color: #e39059; font-size: 18pt;\"><a style=\"color: #e39059;\" href=\"https:\/\/fundacjabazakultury.pl\/\">Fundacja \u2013 Baza Kultury<\/a><\/span><\/p>\n[\/vc_column_text][\/vc_column][\/vc_row][vc_row type=&#8221;in_container&#8221; full_screen_row_position=&#8221;middle&#8221; column_margin=&#8221;default&#8221; column_direction=&#8221;default&#8221; column_direction_tablet=&#8221;default&#8221; column_direction_phone=&#8221;default&#8221; scene_position=&#8221;center&#8221; text_color=&#8221;dark&#8221; text_align=&#8221;left&#8221; row_border_radius=&#8221;none&#8221; row_border_radius_applies=&#8221;bg&#8221; overlay_strength=&#8221;0.3&#8243; gradient_direction=&#8221;left_to_right&#8221; shape_divider_position=&#8221;bottom&#8221; bg_image_animation=&#8221;none&#8221;][vc_column column_padding=&#8221;no-extra-padding&#8221; column_padding_tablet=&#8221;inherit&#8221; column_padding_phone=&#8221;inherit&#8221; column_padding_position=&#8221;all&#8221; column_element_spacing=&#8221;default&#8221; background_color_opacity=&#8221;1&#8243; background_hover_color_opacity=&#8221;1&#8243; column_shadow=&#8221;none&#8221; column_border_radius=&#8221;none&#8221; column_link_target=&#8221;_self&#8221; gradient_direction=&#8221;left_to_right&#8221; overlay_strength=&#8221;0.3&#8243; width=&#8221;1\/1&#8243; tablet_width_inherit=&#8221;default&#8221; tablet_text_alignment=&#8221;default&#8221; phone_text_alignment=&#8221;default&#8221; bg_image_animation=&#8221;none&#8221; border_type=&#8221;simple&#8221; column_border_width=&#8221;none&#8221; column_border_style=&#8221;solid&#8221;][image_with_animation image_url=&#8221;8626&#8243; animation=&#8221;Fade In&#8221; hover_animation=&#8221;none&#8221; alignment=&#8221;&#8221; border_radius=&#8221;none&#8221; box_shadow=&#8221;none&#8221; image_loading=&#8221;default&#8221; max_width=&#8221;100%&#8221; max_width_mobile=&#8221;default&#8221; img_link=&#8221;https:\/\/fundacjabazakultury.pl\/&#8221;][\/vc_column][\/vc_row]\n","protected":false},"excerpt":{"rendered":"<p>[vc_row type=&#8221;in_container&#8221; full_screen_row_position=&#8221;middle&#8221; column_margin=&#8221;default&#8221; column_direction=&#8221;default&#8221; column_direction_tablet=&#8221;default&#8221; column_direction_phone=&#8221;default&#8221; scene_position=&#8221;center&#8221; text_color=&#8221;dark&#8221; text_align=&#8221;left&#8221; row_border_radius=&#8221;none&#8221; row_border_radius_applies=&#8221;bg&#8221; overlay_strength=&#8221;0.3&#8243; gradient_direction=&#8221;left_to_right&#8221; shape_divider_position=&#8221;bottom&#8221;&#8230;<\/p>\n","protected":false},"author":1,"featured_media":8631,"comment_status":"open","ping_status":"open","sticky":false,"template":"","format":"standard","meta":{"_jetpack_memberships_contains_paid_content":false,"footnotes":""},"categories":[1],"tags":[],"class_list":{"0":"post-8630","1":"post","2":"type-post","3":"status-publish","4":"format-standard","5":"has-post-thumbnail","7":"category-aktualnosci"},"jetpack_featured_media_url":"https:\/\/bazanakrakowskiej.pl\/wp-content\/uploads\/2025\/09\/3-1.png","jetpack_sharing_enabled":true,"_links":{"self":[{"href":"https:\/\/bazanakrakowskiej.pl\/index.php\/wp-json\/wp\/v2\/posts\/8630","targetHints":{"allow":["GET"]}}],"collection":[{"href":"https:\/\/bazanakrakowskiej.pl\/index.php\/wp-json\/wp\/v2\/posts"}],"about":[{"href":"https:\/\/bazanakrakowskiej.pl\/index.php\/wp-json\/wp\/v2\/types\/post"}],"author":[{"embeddable":true,"href":"https:\/\/bazanakrakowskiej.pl\/index.php\/wp-json\/wp\/v2\/users\/1"}],"replies":[{"embeddable":true,"href":"https:\/\/bazanakrakowskiej.pl\/index.php\/wp-json\/wp\/v2\/comments?post=8630"}],"version-history":[{"count":3,"href":"https:\/\/bazanakrakowskiej.pl\/index.php\/wp-json\/wp\/v2\/posts\/8630\/revisions"}],"predecessor-version":[{"id":8634,"href":"https:\/\/bazanakrakowskiej.pl\/index.php\/wp-json\/wp\/v2\/posts\/8630\/revisions\/8634"}],"wp:featuredmedia":[{"embeddable":true,"href":"https:\/\/bazanakrakowskiej.pl\/index.php\/wp-json\/wp\/v2\/media\/8631"}],"wp:attachment":[{"href":"https:\/\/bazanakrakowskiej.pl\/index.php\/wp-json\/wp\/v2\/media?parent=8630"}],"wp:term":[{"taxonomy":"category","embeddable":true,"href":"https:\/\/bazanakrakowskiej.pl\/index.php\/wp-json\/wp\/v2\/categories?post=8630"},{"taxonomy":"post_tag","embeddable":true,"href":"https:\/\/bazanakrakowskiej.pl\/index.php\/wp-json\/wp\/v2\/tags?post=8630"}],"curies":[{"name":"wp","href":"https:\/\/api.w.org\/{rel}","templated":true}]}}